




{"id":735,"date":"2015-05-26T21:20:32","date_gmt":"2015-05-26T21:20:32","guid":{"rendered":"http:\/\/lakukula.com\/?p=735"},"modified":"2015-05-26T21:26:52","modified_gmt":"2015-05-26T21:26:52","slug":"noticias-de-emigrantes","status":"publish","type":"post","link":"https:\/\/lakukula.com\/index.php\/2015\/05\/26\/noticias-de-emigrantes\/","title":{"rendered":"Noticias de emigrantes"},"content":{"rendered":"<p>A finales del siglo XIX la villa de Burgui asisti\u00f3 a un movimiento migratorio importante. La vida en el pueblo no era f\u00e1cil. El continente americano fue el destino prioritario.<\/p>\n<p>Casi medio siglo despu\u00e9s la Guerra Civil (1936-1939) hizo que el fen\u00f3meno de la emigraci\u00f3n se repitiese de nuevo, una emigraci\u00f3n que ten\u00eda m\u00e1s de hu\u00edda por razones pol\u00edticas, que otra cosa; siendo en este caso Francia el principal destino. Tambi\u00e9n las postguerra, con toda su crudeza y miseria, favoreci\u00f3 la salida de vecinos del pueblo y del valle hacia otras tierras, hacia otros pa\u00edses, hacia otros continentes.<\/p>\n<a href=\"http:\/\/lakukula.com\/wp-content\/uploads\/2015\/05\/FotoBurgui1925.jpg\"><img loading=\"lazy\" decoding=\"async\" class=\" size-medium wp-image-736 alignleft\" src=\"http:\/\/lakukula.com\/wp-content\/uploads\/2015\/05\/FotoBurgui1925-300x187.jpg\" alt=\"FotoBurgui1925\" width=\"300\" height=\"187\" srcset=\"https:\/\/lakukula.com\/wp-content\/uploads\/2015\/05\/FotoBurgui1925-300x187.jpg 300w, https:\/\/lakukula.com\/wp-content\/uploads\/2015\/05\/FotoBurgui1925.jpg 640w\" sizes=\"auto, (max-width: 300px) 100vw, 300px\" \/><\/a>\n<p>Entre medio de ambas \u00e9pocas pudimos ver c\u00f3mo la industria alpargatera cautiv\u00f3 en Zuberoa y en Bearn a un n\u00famero importante de mujeres roncalesas que hasta all\u00ed se hab\u00edan trasladado a trabajar.<\/p>\n<p>Nunca se ha hecho un estudio sobre este fen\u00f3meno, sin embargo la iniciativa de la Asociaci\u00f3n Cultural La Kukula de abrir esta\u00a0p\u00e1gina web ha permitido que, v\u00eda internet, algunos familiares y descendientes de burguiarras que en su d\u00eda emigraron en busca de una vida mejor, se pongan ahora en contacto con nosotros celebrando el poder conocer Burgui y su historia a trav\u00e9s de internet, y en algunos casos pidi\u00e9ndonos el esfuerzo de localizar datos de sus antepasados. Esto nos permite ahora abrir una v\u00eda de investigaci\u00f3n sobre aquellas personas, nacidas en Burgui, que vivieron el trauma de tener que dejar aqu\u00ed casa, familias y tierras. Ser\u00eda bueno que cualquier dato o fotograf\u00eda que podamos tener sobre alguna de estas personas nos la hag\u00e1is llegar.<\/p>\n<a href=\"http:\/\/lakukula.com\/wp-content\/uploads\/2015\/05\/FotoPuente.bmp\"><img loading=\"lazy\" decoding=\"async\" class=\"aligncenter wp-image-737 size-full\" src=\"http:\/\/lakukula.com\/wp-content\/uploads\/2015\/05\/FotoPuente.bmp\" alt=\"FotoPuente\" width=\"482\" height=\"318\" \/><\/a>\n<p>Seguidamente se expone aqu\u00ed, por orden alfab\u00e9tico, la historia de algunos de los vecinos de Burgui que emigraron a Argentina, y de los que ahora hemos tenido noticias.<\/p>\n<p><strong><em>Andreu Aisa, Jos\u00e9<\/em><\/strong>.-\u00a0 Desde Argentina Mar\u00eda Isabel Andreu Zubillaga envi\u00f3 a la Asociaci\u00f3n La Kukula en agosto de 2006 un correo electr\u00f3nico en calidad de nieta de este se\u00f1or dando simplemente a conocer la identidad de su abuelo paterno, indicando que eran los \u00fanicos datos que ten\u00eda de \u00e9l.<\/p>\n<p>Se trata de Jos\u00e9 Andreu Aisa, nacido en Burgui, hijo de Lorenzo Andreu y de Mar\u00eda Isabel Aisa.<\/p>\n<p><strong><em>Fuertes Tolosana, Ciriaco<\/em><\/strong>.-\u00a0 Marcela Tiseira, desde Argentina, envi\u00f3 a La Kukula en agosto de 2006 el siguiente correo electr\u00f3nico:<\/p>\n<p><em>\u00a0\u00a0\u00a0\u00a0\u00a0\u00a0\u00a0\u00a0 \u201cMi abuelo, Ciriaco Fuertes Tolosana, fue habitante de Burgui, y vino a la Argentina en el a\u00f1o 1923, tambi\u00e9n lo hizo su hermano Luis unos a\u00f1os antes. En mi familia estamos interesados en encontrar datos sobre lo que fue su vida en su lugar de origen, por lo que pens\u00e9 que ustedes quiz\u00e1s nos pod\u00edan ayudar a encontrar alg\u00fan tipo de informacion sobre ellos, o si quizas queda en el pueblo algun familiar. Nuestra unica intencion es reconstruir su historia y la de mi padre ya que a\u00f1ora enormente las tierras que su padre siempre recordaba. Cualquier dato seria de enorme valor para nosotros, por favor, les agradecer\u00eda se comuniquen con nosotros para hacernos saber cualquier novedad.\u201d<\/em><\/p>\n<p><strong><em>L\u00f3pez Aizagar, El\u00edas<\/em><\/strong>.- Desde Argentina es su nieta M\u00f3nica Laura L\u00f3pez quien en un correo electr\u00f3nico remitido en mayo de 2006 a la asociaci\u00f3n \u201cLa Kukula\u201d, de Burgui, nos cuenta la historia de su abuelo:<\/p>\n<p><em>\u00a0\u00a0\u00a0\u00a0\u00a0\u00a0\u00a0\u00a0 \u201c\u00c9l se llamaba El\u00edas L\u00f3pez Aizagar , su pap\u00e1 se llamaba Benito L\u00f3pez Dom\u00ednguez; mi abuelo El\u00edas, naci\u00f3 en Burgui el 19 de abril de 1890; por lo que \u00e9l contaba eran varios hermanos, no s\u00e9 cuantos , y los nombres de sus hermanos, que \u00e9l nombraba, eran: Leoncia , Agustina , Pascual , una hermana que se fue a Francia y otra hermana que se fue a Chile. <\/em><\/p>\n<p><em>\u00a0\u00a0\u00a0\u00a0\u00a0\u00a0\u00a0\u00a0 \u00c9l cuando ten\u00eda 19 a\u00f1os , en 1909 se vino en barco a Argentina, s\u00f3lo, y luego aqu\u00ed se reencontro con 3 de sus hermanos que menciono anteriormente. \u00c9l nos contaba que de ni\u00f1o y hasta que se vino era pastor y muy temprano tomaba pan y tocino y part\u00eda a un valle, para que las ovejitas pastaran , si bien recordaba con nostalgia a Burgui. Hab\u00eda sido muy muy pobre y no era su deseo volver , a un lugar donde hab\u00eda vivido tan mal. Siempre nos contaba que Pamplona estaba a 80 km y nunca pudo ir a la fiesta de san Ferm\u00edn ni a ver un partido de pelota paleta; \u00e9l nos ense\u00f1\u00f3 y transmit\u00edo sus recetas , como las migas (pan en migas con cebolla , panceta o tocino y tomate) algo exquisito, las rodajas de pan casero tostadas y frotadas con dientes de ajo y aceite de oliva. Tambi\u00e9n sol\u00eda recordar que para la noche de Nochebuena hac\u00edan casta\u00f1as en un hornito o a las brasas . <\/em><\/p>\n<p><em>\u00a0\u00a0\u00a0\u00a0\u00a0\u00a0\u00a0\u00a0 \u00c9l vino en barco a Argentina, lleg\u00f3 a Buenos Aires , luego se fue a Gral Roca y se radic\u00f3 definitivamente en Comallo , pueblo que dista a unos 70 Kms. de San Carlos de Bariloche. <\/em><\/p>\n<p><em>\u00a0\u00a0\u00a0\u00a0\u00a0\u00a0\u00a0\u00a0 Yo s\u00e9 que hace mucho tiempo fueron unos conocidos de mi abuelo a Burgui y ubicaron la casa donde \u00e9l naci\u00f3 , es de piedra y como de dos plantas, con un horno de piedra afuera, tambi\u00e9n estuvieron en una peque\u00f1a iglesia , donde pudieron leer en un Acta el d\u00eda que mi abuelo fue bautizado. <\/em><\/p>\n<p><em>\u00a0\u00a0\u00a0\u00a0\u00a0\u00a0\u00a0\u00a0 Para m\u00ed ha sido una alegr\u00eda muy grande poder conocer este lugar por internet y me gustar\u00eda mucho poder tener aunque sea una foto de las ruinas de la casa y una foto de la iglesia donde bautizaron a mi abuelo. <\/em><\/p>\n<p><em>\u00a0\u00a0\u00a0\u00a0\u00a0\u00a0\u00a0\u00a0 Yo me comprometo a mantener una comunicaci\u00f3n flu\u00edda e intercambio cultural de informaci\u00f3n , ya que el lugar donde vivo es casi casi casi el fin del mundo, donde de verdad hay ping\u00fcinos y ballenas (\u2026). <\/em><\/p>\n<p><strong><em>Noves Garate, (\u00bf)<\/em><\/strong>.- Un correo electr\u00f3nico remitido en agosto de 2006 a la asociaci\u00f3n La Kukula por parte del hijo de esta se\u00f1ora (de la que no facilita su nombre), da la siguiente informaci\u00f3n sobre ella:<\/p>\n<p><em>\u201cMi madre es originaria de Burgui y vino a Argentina escapando de la miseria de postguerra. Ella llego al Alto Valle de Rio Negro. En esa zona habia varios compatriotas del Valle del Roncal especificamente de Burgui, Vidangoz e Isaba. <\/em><\/p>\n<p><em>\u00a0\u00a0\u00a0\u00a0\u00a0\u00a0\u00a0\u00a0 Mi madre era de casa Mayo, hoy ya no existe y era hija de Ignacio Noves Erlanz y Juliana Garate Oset.<\/em><\/p>\n<p><em>\u00a0\u00a0\u00a0\u00a0\u00a0\u00a0\u00a0\u00a0 En las largas noches de invierno siempre se hac\u00edan tertulias y se hablaba de Burgui y el Valle del Roncal lo que nos ha hecho quererlo y conocerlo como si fu\u00e9ramos nativos de all\u00e1.\u201d<\/em>.<\/p>\n","protected":false},"excerpt":{"rendered":"<p>A finales del siglo XIX la villa de Burgui asisti\u00f3 a un movimiento migratorio importante. La vida en el pueblo no era f\u00e1cil. El continente americano fue el destino prioritario. Casi medio siglo despu\u00e9s la Guerra Civil (1936-1939) hizo que el fen\u00f3meno de la emigraci\u00f3n se repitiese de nuevo, una emigraci\u00f3n que ten\u00eda m\u00e1s de<\/p>\n<p class=\"readmore\"> <a href=\"https:\/\/lakukula.com\/index.php\/2015\/05\/26\/noticias-de-emigrantes\/\" title=\"Read Noticias de emigrantes\">Leer m\u00e1s&#8230;<\/a> <\/p>\n","protected":false},"author":2,"featured_media":0,"comment_status":"open","ping_status":"open","sticky":false,"template":"","format":"standard","meta":{"ngg_post_thumbnail":0,"footnotes":""},"categories":[8],"tags":[71,65,72,73,74],"class_list":["post-735","post","type-post","status-publish","format-standard","hentry","category-curiosidades","tag-argentina","tag-emigrantes","tag-fuertes-tolosana","tag-lopez-aizagar","tag-noves-garate"],"yoast_head":"<!-- This site is optimized with the Yoast SEO plugin v26.6 - https:\/\/yoast.com\/wordpress\/plugins\/seo\/ -->\n<title>Noticias de emigrantes - La Kukula<\/title>\n<meta name=\"robots\" content=\"index, follow, max-snippet:-1, max-image-preview:large, max-video-preview:-1\" \/>\n<link rel=\"canonical\" href=\"https:\/\/lakukula.com\/index.php\/2015\/05\/26\/noticias-de-emigrantes\/\" \/>\n<meta property=\"og:locale\" content=\"es_ES\" \/>\n<meta property=\"og:type\" content=\"article\" \/>\n<meta property=\"og:title\" content=\"Noticias de emigrantes - La Kukula\" \/>\n<meta property=\"og:description\" content=\"A finales del siglo XIX la villa de Burgui asisti\u00f3 a un movimiento migratorio importante. La vida en el pueblo no era f\u00e1cil. El continente americano fue el destino prioritario. Casi medio siglo despu\u00e9s la Guerra Civil (1936-1939) hizo que el fen\u00f3meno de la emigraci\u00f3n se repitiese de nuevo, una emigraci\u00f3n que ten\u00eda m\u00e1s de Leer m\u00e1s...\" \/>\n<meta property=\"og:url\" content=\"https:\/\/lakukula.com\/index.php\/2015\/05\/26\/noticias-de-emigrantes\/\" \/>\n<meta property=\"og:site_name\" content=\"La Kukula\" \/>\n<meta property=\"article:published_time\" content=\"2015-05-26T21:20:32+00:00\" \/>\n<meta property=\"article:modified_time\" content=\"2015-05-26T21:26:52+00:00\" \/>\n<meta property=\"og:image\" content=\"https:\/\/lakukula.com\/wp-content\/uploads\/2015\/05\/FotoBurgui1925.jpg\" \/>\n\t<meta property=\"og:image:width\" content=\"640\" \/>\n\t<meta property=\"og:image:height\" content=\"398\" \/>\n\t<meta property=\"og:image:type\" content=\"image\/jpeg\" \/>\n<meta name=\"author\" content=\"La Kukula\" \/>\n<meta name=\"twitter:card\" content=\"summary_large_image\" \/>\n<meta name=\"twitter:label1\" content=\"Escrito por\" \/>\n\t<meta name=\"twitter:data1\" content=\"La Kukula\" \/>\n\t<meta name=\"twitter:label2\" content=\"Tiempo de lectura\" \/>\n\t<meta name=\"twitter:data2\" content=\"6 minutos\" \/>\n<script type=\"application\/ld+json\" class=\"yoast-schema-graph\">{\"@context\":\"https:\/\/schema.org\",\"@graph\":[{\"@type\":\"WebPage\",\"@id\":\"https:\/\/lakukula.com\/index.php\/2015\/05\/26\/noticias-de-emigrantes\/\",\"url\":\"https:\/\/lakukula.com\/index.php\/2015\/05\/26\/noticias-de-emigrantes\/\",\"name\":\"Noticias de emigrantes - La Kukula\",\"isPartOf\":{\"@id\":\"https:\/\/lakukula.com\/#website\"},\"primaryImageOfPage\":{\"@id\":\"https:\/\/lakukula.com\/index.php\/2015\/05\/26\/noticias-de-emigrantes\/#primaryimage\"},\"image\":{\"@id\":\"https:\/\/lakukula.com\/index.php\/2015\/05\/26\/noticias-de-emigrantes\/#primaryimage\"},\"thumbnailUrl\":\"http:\/\/lakukula.com\/wp-content\/uploads\/2015\/05\/FotoBurgui1925-300x187.jpg\",\"datePublished\":\"2015-05-26T21:20:32+00:00\",\"dateModified\":\"2015-05-26T21:26:52+00:00\",\"author\":{\"@id\":\"https:\/\/lakukula.com\/#\/schema\/person\/8a9c7a04c239823ca646744c9250df5c\"},\"breadcrumb\":{\"@id\":\"https:\/\/lakukula.com\/index.php\/2015\/05\/26\/noticias-de-emigrantes\/#breadcrumb\"},\"inLanguage\":\"es\",\"potentialAction\":[{\"@type\":\"ReadAction\",\"target\":[\"https:\/\/lakukula.com\/index.php\/2015\/05\/26\/noticias-de-emigrantes\/\"]}]},{\"@type\":\"ImageObject\",\"inLanguage\":\"es\",\"@id\":\"https:\/\/lakukula.com\/index.php\/2015\/05\/26\/noticias-de-emigrantes\/#primaryimage\",\"url\":\"http:\/\/lakukula.com\/wp-content\/uploads\/2015\/05\/FotoBurgui1925-300x187.jpg\",\"contentUrl\":\"http:\/\/lakukula.com\/wp-content\/uploads\/2015\/05\/FotoBurgui1925-300x187.jpg\"},{\"@type\":\"BreadcrumbList\",\"@id\":\"https:\/\/lakukula.com\/index.php\/2015\/05\/26\/noticias-de-emigrantes\/#breadcrumb\",\"itemListElement\":[{\"@type\":\"ListItem\",\"position\":1,\"name\":\"Portada\",\"item\":\"https:\/\/lakukula.com\/\"},{\"@type\":\"ListItem\",\"position\":2,\"name\":\"Noticias de emigrantes\"}]},{\"@type\":\"WebSite\",\"@id\":\"https:\/\/lakukula.com\/#website\",\"url\":\"https:\/\/lakukula.com\/\",\"name\":\"La Kukula\",\"description\":\"Colectivo para la Difusi\u00f3n Hist\u00f3rica y Cultural de la Villa de Burgui (Navarra)\",\"potentialAction\":[{\"@type\":\"SearchAction\",\"target\":{\"@type\":\"EntryPoint\",\"urlTemplate\":\"https:\/\/lakukula.com\/?s={search_term_string}\"},\"query-input\":{\"@type\":\"PropertyValueSpecification\",\"valueRequired\":true,\"valueName\":\"search_term_string\"}}],\"inLanguage\":\"es\"},{\"@type\":\"Person\",\"@id\":\"https:\/\/lakukula.com\/#\/schema\/person\/8a9c7a04c239823ca646744c9250df5c\",\"name\":\"La Kukula\",\"image\":{\"@type\":\"ImageObject\",\"inLanguage\":\"es\",\"@id\":\"https:\/\/lakukula.com\/#\/schema\/person\/image\/\",\"url\":\"https:\/\/secure.gravatar.com\/avatar\/7d171ff671ed2c7dea9145a8308f25a5aed5e18ddd80d2ac46a1819c39070634?s=96&d=mm&r=g\",\"contentUrl\":\"https:\/\/secure.gravatar.com\/avatar\/7d171ff671ed2c7dea9145a8308f25a5aed5e18ddd80d2ac46a1819c39070634?s=96&d=mm&r=g\",\"caption\":\"La Kukula\"},\"url\":\"https:\/\/lakukula.com\/index.php\/author\/inaki\/\"}]}<\/script>\n<!-- \/ Yoast SEO plugin. -->","yoast_head_json":{"title":"Noticias de emigrantes - La Kukula","robots":{"index":"index","follow":"follow","max-snippet":"max-snippet:-1","max-image-preview":"max-image-preview:large","max-video-preview":"max-video-preview:-1"},"canonical":"https:\/\/lakukula.com\/index.php\/2015\/05\/26\/noticias-de-emigrantes\/","og_locale":"es_ES","og_type":"article","og_title":"Noticias de emigrantes - La Kukula","og_description":"A finales del siglo XIX la villa de Burgui asisti\u00f3 a un movimiento migratorio importante. La vida en el pueblo no era f\u00e1cil. El continente americano fue el destino prioritario. Casi medio siglo despu\u00e9s la Guerra Civil (1936-1939) hizo que el fen\u00f3meno de la emigraci\u00f3n se repitiese de nuevo, una emigraci\u00f3n que ten\u00eda m\u00e1s de Leer m\u00e1s...","og_url":"https:\/\/lakukula.com\/index.php\/2015\/05\/26\/noticias-de-emigrantes\/","og_site_name":"La Kukula","article_published_time":"2015-05-26T21:20:32+00:00","article_modified_time":"2015-05-26T21:26:52+00:00","og_image":[{"width":640,"height":398,"url":"https:\/\/lakukula.com\/wp-content\/uploads\/2015\/05\/FotoBurgui1925.jpg","type":"image\/jpeg"}],"author":"La Kukula","twitter_card":"summary_large_image","twitter_misc":{"Escrito por":"La Kukula","Tiempo de lectura":"6 minutos"},"schema":{"@context":"https:\/\/schema.org","@graph":[{"@type":"WebPage","@id":"https:\/\/lakukula.com\/index.php\/2015\/05\/26\/noticias-de-emigrantes\/","url":"https:\/\/lakukula.com\/index.php\/2015\/05\/26\/noticias-de-emigrantes\/","name":"Noticias de emigrantes - La Kukula","isPartOf":{"@id":"https:\/\/lakukula.com\/#website"},"primaryImageOfPage":{"@id":"https:\/\/lakukula.com\/index.php\/2015\/05\/26\/noticias-de-emigrantes\/#primaryimage"},"image":{"@id":"https:\/\/lakukula.com\/index.php\/2015\/05\/26\/noticias-de-emigrantes\/#primaryimage"},"thumbnailUrl":"http:\/\/lakukula.com\/wp-content\/uploads\/2015\/05\/FotoBurgui1925-300x187.jpg","datePublished":"2015-05-26T21:20:32+00:00","dateModified":"2015-05-26T21:26:52+00:00","author":{"@id":"https:\/\/lakukula.com\/#\/schema\/person\/8a9c7a04c239823ca646744c9250df5c"},"breadcrumb":{"@id":"https:\/\/lakukula.com\/index.php\/2015\/05\/26\/noticias-de-emigrantes\/#breadcrumb"},"inLanguage":"es","potentialAction":[{"@type":"ReadAction","target":["https:\/\/lakukula.com\/index.php\/2015\/05\/26\/noticias-de-emigrantes\/"]}]},{"@type":"ImageObject","inLanguage":"es","@id":"https:\/\/lakukula.com\/index.php\/2015\/05\/26\/noticias-de-emigrantes\/#primaryimage","url":"http:\/\/lakukula.com\/wp-content\/uploads\/2015\/05\/FotoBurgui1925-300x187.jpg","contentUrl":"http:\/\/lakukula.com\/wp-content\/uploads\/2015\/05\/FotoBurgui1925-300x187.jpg"},{"@type":"BreadcrumbList","@id":"https:\/\/lakukula.com\/index.php\/2015\/05\/26\/noticias-de-emigrantes\/#breadcrumb","itemListElement":[{"@type":"ListItem","position":1,"name":"Portada","item":"https:\/\/lakukula.com\/"},{"@type":"ListItem","position":2,"name":"Noticias de emigrantes"}]},{"@type":"WebSite","@id":"https:\/\/lakukula.com\/#website","url":"https:\/\/lakukula.com\/","name":"La Kukula","description":"Colectivo para la Difusi\u00f3n Hist\u00f3rica y Cultural de la Villa de Burgui (Navarra)","potentialAction":[{"@type":"SearchAction","target":{"@type":"EntryPoint","urlTemplate":"https:\/\/lakukula.com\/?s={search_term_string}"},"query-input":{"@type":"PropertyValueSpecification","valueRequired":true,"valueName":"search_term_string"}}],"inLanguage":"es"},{"@type":"Person","@id":"https:\/\/lakukula.com\/#\/schema\/person\/8a9c7a04c239823ca646744c9250df5c","name":"La Kukula","image":{"@type":"ImageObject","inLanguage":"es","@id":"https:\/\/lakukula.com\/#\/schema\/person\/image\/","url":"https:\/\/secure.gravatar.com\/avatar\/7d171ff671ed2c7dea9145a8308f25a5aed5e18ddd80d2ac46a1819c39070634?s=96&d=mm&r=g","contentUrl":"https:\/\/secure.gravatar.com\/avatar\/7d171ff671ed2c7dea9145a8308f25a5aed5e18ddd80d2ac46a1819c39070634?s=96&d=mm&r=g","caption":"La Kukula"},"url":"https:\/\/lakukula.com\/index.php\/author\/inaki\/"}]}},"_links":{"self":[{"href":"https:\/\/lakukula.com\/index.php\/wp-json\/wp\/v2\/posts\/735","targetHints":{"allow":["GET"]}}],"collection":[{"href":"https:\/\/lakukula.com\/index.php\/wp-json\/wp\/v2\/posts"}],"about":[{"href":"https:\/\/lakukula.com\/index.php\/wp-json\/wp\/v2\/types\/post"}],"author":[{"embeddable":true,"href":"https:\/\/lakukula.com\/index.php\/wp-json\/wp\/v2\/users\/2"}],"replies":[{"embeddable":true,"href":"https:\/\/lakukula.com\/index.php\/wp-json\/wp\/v2\/comments?post=735"}],"version-history":[{"count":5,"href":"https:\/\/lakukula.com\/index.php\/wp-json\/wp\/v2\/posts\/735\/revisions"}],"predecessor-version":[{"id":743,"href":"https:\/\/lakukula.com\/index.php\/wp-json\/wp\/v2\/posts\/735\/revisions\/743"}],"wp:attachment":[{"href":"https:\/\/lakukula.com\/index.php\/wp-json\/wp\/v2\/media?parent=735"}],"wp:term":[{"taxonomy":"category","embeddable":true,"href":"https:\/\/lakukula.com\/index.php\/wp-json\/wp\/v2\/categories?post=735"},{"taxonomy":"post_tag","embeddable":true,"href":"https:\/\/lakukula.com\/index.php\/wp-json\/wp\/v2\/tags?post=735"}],"curies":[{"name":"wp","href":"https:\/\/api.w.org\/{rel}","templated":true}]}}