




{"id":799,"date":"2015-06-24T11:21:16","date_gmt":"2015-06-24T11:21:16","guid":{"rendered":"http:\/\/lakukula.com\/?p=799"},"modified":"2015-06-24T11:23:32","modified_gmt":"2015-06-24T11:23:32","slug":"juan-urzainqui-garcia-in-memorian","status":"publish","type":"post","link":"https:\/\/lakukula.com\/index.php\/2015\/06\/24\/juan-urzainqui-garcia-in-memorian\/","title":{"rendered":"Juan Urzainqui Garc\u00eda, in memorian"},"content":{"rendered":"<p>El v\u00edspera del D\u00eda de la Almad\u00eda, caprichosa coincidencia, desped\u00edamos y d\u00e1bamos sepultura a Juan Urzainqui Garc\u00eda (1922-2015), que naci\u00f3, vivi\u00f3 y muri\u00f3 en Burgui, sin otra trashumancia en su vida que la que le impuso durante un tiempo su oficio de pastor y su dedicaci\u00f3n al transporte fluvial de la madera.<\/p>\n<p>Empez\u00f3 Juan de pastor, de pastor trashumante, de los que llevaba el reba\u00f1o a tierras aragonesas. Fue despu\u00e9s hombre de bosque y de r\u00edo. Domador de madera y navegante con mano firme al remo, lo mismo en el r\u00edo que en la vida. Pastor y almadiero\u2026, almadiero de oro, roncal\u00e9s de los pies a la cabeza.<\/p>\n<p>Colectivos como La Kukula o como la Asociaci\u00f3n Cultural de Almadieros Navarros hemos sido receptores de sus conocimientos y aportaciones a la cultura de nuestro pueblo. No hace tanto que en la cocina de su casa iba rememorando y recitando los nombres de las fuentes del t\u00e9rmino de Burgui a petici\u00f3n de nuestro colectivo La Kukula. \u00c9l iba cantando los nombres, y Bienve, su inseparable Bienve, los iba anotando.<\/p>\n<p>Se da la circunstancia de que tan solo un mes antes de su fallecimiento fueron grabados para un documental sus recuerdos sobre las almad\u00edas. Al otro lado del puente, arrimado a la almad\u00eda, nos dejaba su testamento inmaterial; rodeado de focos y de micr\u00f3fonos, desgranaba ante la c\u00e1mara todos sus recuerdos y conocimientos de su vida almadiera; un testimonio que queda ya salvaguardado para siempre a trav\u00e9s del Archivo del Patrimonio Inmaterial de Navarra<\/p>\n<p>Reproducimos aqu\u00ed, a modo de homenaje y de agradecimiento, algunos fragmentos de su \u00faltima entrevista centrados en sus recuerdos como almadiero:<\/p>\n<a href=\"http:\/\/lakukula.com\/wp-content\/uploads\/2015\/06\/juan1.jpg\"><img loading=\"lazy\" decoding=\"async\" class=\"aligncenter wp-image-802 size-large\" src=\"http:\/\/lakukula.com\/wp-content\/uploads\/2015\/06\/juan1-1024x576.jpg\" alt=\"juan1\" width=\"700\" height=\"394\" srcset=\"https:\/\/lakukula.com\/wp-content\/uploads\/2015\/06\/juan1-1024x576.jpg 1024w, https:\/\/lakukula.com\/wp-content\/uploads\/2015\/06\/juan1-300x169.jpg 300w, https:\/\/lakukula.com\/wp-content\/uploads\/2015\/06\/juan1-960x540.jpg 960w, https:\/\/lakukula.com\/wp-content\/uploads\/2015\/06\/juan1.jpg 1280w\" sizes=\"auto, (max-width: 700px) 100vw, 700px\" \/><\/a>\n<p><strong>\u00bfC\u00f3mo era el oficio de almadiero?<\/strong><\/p>\n<p>Pues muy duro y malo\u2026 en este valle si no cog\u00edas el palo ten\u00edas que ir con la madera, o sea que\u2026 a la madera al final, despu\u00e9s a las almad\u00edas\u2026 o coger el palo y a la Bardena, con las ovejas. Esa era la vida de este valle.<\/p>\n<p><strong>\u00bfPor qu\u00e9 era tan duro trabajar en las almad\u00edas?<\/strong><\/p>\n<p>Porque era en pleno invierno, se empezaba a \u00faltimos de noviembre y se acababa a mitad de mayo. Y todo el invierno pues ya me dir\u00e1s, metidos en el agua, con lo fr\u00eda que estaba\u2026 mayormente mojados todo el d\u00eda, desde el punto de la ma\u00f1ana hasta que acud\u00edas a casa, que muchas veces los pantalones se sub\u00edan helados, los quitabas en la cocina, los dejabas y se quedaban tiesos, \u00a1f\u00edjate!, no se doblaban por el hielo que ten\u00edan. As\u00ed que ya me dir\u00e1s lo duro que pod\u00eda ser aquello. Claro\u2026 est\u00e1bamos acostumbrados\u2026 y aguant\u00e1bamos malamente.<\/p>\n<p><strong>\u00bfC\u00f3mo fue tu primera experiencia en la almad\u00eda?<\/strong><\/p>\n<p>Yo la primera vez que baj\u00e9 fue a los doce a\u00f1os, baj\u00e1bamos dos almad\u00edas nuestras, y la primera que bajaba par\u00f3 en la foz, y nosotros que baj\u00e1bamos por detr\u00e1s le pasamos la soga a ver si la pod\u00edamos arrastrar\u2026 y no pod\u00edamos. Y pasamos mi padre y yo, que \u00edbamos en la de adelante, pasamos a la de atr\u00e1s; y al tiempo de <em>rancar<\/em>, que ya <em>ranc\u00f3 <\/em>la almad\u00eda\u2026 yo ya pas\u00e9, pero mi padre se qued\u00f3 en la de atr\u00e1s y\u2026, entonces \u00edbamos uno adelante y otro atr\u00e1s, no hab\u00eda de tres remos sino de dos, y claro\u2026 al llegar a Salvatierra, unos que estaban atando madera all\u00ed le preguntaron al <em>puntero<\/em>: -\u201c\u00bf<em>d\u00f3nde has encontrado esa cr\u00eda<\/em>?\u201d&#8230; \u2013\u201c\u00a1<em>ah\u00ed riba estaba, en la foz<\/em>!\u201d\u2026; con que ya\u2026 seguimos para adelante. Me pod\u00eda haber parado para que me hubiera pasado mi padre, pero no hubo forma. \u00c9l era valiente, y sab\u00eda mucho de almad\u00edas\u2026 que ya era mayor, claro. Hasta el Matral llegamos, llegamos al <em>embocadero<\/em> del Arag\u00f3n, que es donde estaba el Matral, y yo con doce a\u00f1icos\u2026 me pude arrimar tambi\u00e9n. Ah\u00ed la atamos para subirnos a casa; dejarla all\u00ed, salir a la carretera, y a golpe de zapatillas a Burgui. Como te digo\u2026 en pleno invierno\u2026 se pasaba mal\u2026 mal. Y entonces en mayo ya se terminaba el almad\u00edo, ya se hab\u00edan bajado las almad\u00edas; que no todos los a\u00f1os se dio curso a las almad\u00edas que hab\u00eda preparadas, por falta de agua, claro\u2026; si no hab\u00eda agua no se pod\u00eda bajar, y algunas se quedaban aqu\u00ed todo el verano.<\/p>\n<p>Aqu\u00ed, encima de la presa, que llam\u00e1bamos <em>la badina<\/em>\u2026 varias almad\u00edas se quedaban all\u00ed, sin poderlas bajar por falta de agua\u2026 y ya\u2026 a esperar al invierno siguiente\u2026.; se arreglaba lo que se pod\u00eda para poder seguir adelante, y claro\u2026 la <em>verga <\/em>no aguanta mucho tampoco. Estando en el r\u00edo m\u00e1s bien se podr\u00edan, pero bueno, ten\u00eda que pasar\u2026 con remedios y cosas pasaban el invierno\u2026 y arrear para abajo. Los r\u00edos se pon\u00edan en condiciones, claro, y como te digo\u2026 ya era \u00faltimos de noviembre.<\/p>\n<p><strong>\u00bfC\u00f3mo eran las almad\u00edas?<\/strong><\/p>\n<p><a href=\"http:\/\/lakukula.com\/wp-content\/uploads\/2015\/06\/juan.jpg\"><img loading=\"lazy\" decoding=\"async\" class=\" size-full wp-image-800 alignright\" src=\"http:\/\/lakukula.com\/wp-content\/uploads\/2015\/06\/juan.jpg\" alt=\"juan\" width=\"197\" height=\"244\" \/><\/a>Mayormente por la Pur\u00edsima se sol\u00eda hacer ya un viaje a la Ribera. De aqu\u00ed se bajaba entre dos en aquellos tiempos hasta siete tramos en una almad\u00eda\u2026 no se cargaban como \u00faltimamente de 4 metros de ancho; entonces eran de 2\u201980\u2026 y hasta siete tramos de almad\u00eda\u2026 uno adelante y otro atr\u00e1s. Despu\u00e9s ya se fue anchando los tramos y se lleg\u00f3 hasta 4 metros y ya se pon\u00edan dos remos adelante y otro atr\u00e1s, o dos adelante y dos atr\u00e1s\u2026 depend\u00eda de la madera, c\u00f3mo era, si era gorda, si era m\u00e1s delgada\u2026 porque la madera hab\u00eda de piso, hab\u00eda de tejado y hab\u00eda de sierra\u2026 esa era la divisi\u00f3n de las maderas. Y luego la largura\u2026 el primer tramo de punta, <em>secenes<\/em>, eran 6\u201940; el segundo, el del ropero, era de 4\u201980, <em>docenes<\/em> que se llamaban; y era <em>catorcenes<\/em> el tercero, de 5\u201960; y luego ya lo que segu\u00eda, lo que se pod\u00eda colocar, pero ya te digo que hasta de cinco y siete tramos. Y claro, llegabas al <em>embocadero<\/em> del Arag\u00f3n, y all\u00ed lo que aqu\u00ed se bajaba en dos, se pon\u00eda en una sola y\u2026 \u00a1arreando, ribera abajo! donde pod\u00edan llegar a venderla.<\/p>\n<p><strong>\u00bfHab\u00eda dificultades para vender la madera?<\/strong><\/p>\n<p>Llegabas a los pueblos y ah\u00ed como sobraba alguno, se sal\u00eda e iba pregonando por los pueblos, a ver qui\u00e9n quer\u00eda comprar la madera, y algunas veces acertabas, se vend\u00eda, pero otras\u2026 El a\u00f1o cuarenta y ocho fue un a\u00f1o desastroso para los que ten\u00edamos madera, no hab\u00eda forma de vender un <em>palo<\/em> por ning\u00fan lado\u2026;\u00a0 ese a\u00f1o ten\u00edamos nosotros dos almad\u00edas, y las pude vender en Caparroso a Justo Sainz, que ten\u00eda una serrer\u00eda en ese pueblo\u2026 y as\u00ed las pudimos vender. Baj\u00e1bamos con intenci\u00f3n de dejarlas para Pitillas, para la iglesia de Pitillas, pero se nos adelant\u00f3 otro del pueblo y se conoce que ya no quer\u00edan m\u00e1s y a <em>picar<\/em> a ver d\u00f3nde\u2026 Y de all\u00ed me mandaron a Tudela a buscar alg\u00fan dinero, y all\u00e1 me encontr\u00e9 con un se\u00f1or de aqu\u00ed que se dedicaba al transporte de maderas, mayormente, y cuando me vio dice \u2013<em>\u201c\u00bft\u00fa tambi\u00e9n est\u00e1s aqu\u00ed?\u201d<\/em>; y otros dos del pueblo que estaban, que hab\u00edan llegado con una <em>media<\/em>, que se llamaba, dicen \u2013<em>\u201ceste ya la ha vendido, por lo visto\u201d<\/em>, &#8211;<em>\u201c\u00bfya la ha vendido?, \u00a1me alegro!\u201d <\/em>dijo, porque estaba la cosa un poco fea ya\u2026 no se pod\u00eda vender la madera. Y de all\u00ed pues ya cogimos nosotros y a casa. Y lo que nos dieron pues ya esta, \u00bfqu\u00e9 le vamos a hacer?.<\/p>\n<p><strong>\u00bfHasta d\u00f3nde llegaste en almad\u00eda?<\/strong><\/p>\n<p>A Zaragoza no llegu\u00e9 nunca. Siempre debajo de Bu\u00f1uel\u2026 Novillas me parece que es el pueblo, lo m\u00e1s lejos que baj\u00e9 yo fue hasta all\u00ed. Y de ah\u00ed para arriba pues eso\u2026 Tudela, Caparroso, Marcilla, Milagro donde m\u00e1s\u2026 y ah\u00ed dej\u00e1bamos, se vend\u00eda la madera. Yo iba de pe\u00f3n, no iba siempre para casa. Se hac\u00eda lo que se pod\u00eda y hasta doce tramos en cada <em>media<\/em> iban, mayormente se pon\u00edan cinco adelante y siete atr\u00e1s. La primera era siempre la madera m\u00e1s gruesa, all\u00ed cinco tramos, y la segunda pues seis y siete (\u2026)<\/p>\n<p><strong>Juan, \u00bfhas conocido alg\u00fan accidente en almad\u00eda?<\/strong><\/p>\n<p>Si. Aqu\u00ed yo mayormente conoc\u00ed uno en la foz de Arbaiun, ah\u00ed muri\u00f3 Donato Mendive Tolosana. Bajaban por la foz de Arbaiun, encallaron contra una piedra, el resto de tramos se fue solapando tipo bisagra, aplast\u00f3 a los dos que bajaban adelante\u2026 y este hombre muri\u00f3.<\/p>\n<p>Y<a href=\"http:\/\/lakukula.com\/wp-content\/uploads\/2015\/06\/juan3.jpg\"><img loading=\"lazy\" decoding=\"async\" class=\" wp-image-801 size-medium alignleft\" src=\"http:\/\/lakukula.com\/wp-content\/uploads\/2015\/06\/juan3-300x263.jpg\" alt=\"juan3\" width=\"300\" height=\"263\" srcset=\"https:\/\/lakukula.com\/wp-content\/uploads\/2015\/06\/juan3-300x263.jpg 300w, https:\/\/lakukula.com\/wp-content\/uploads\/2015\/06\/juan3.jpg 800w\" sizes=\"auto, (max-width: 300px) 100vw, 300px\" \/><\/a> despu\u00e9s otro muri\u00f3 en Isaba tambi\u00e9n, en la presa de Isaba; ese tambi\u00e9n no s\u00e9 que les pas\u00f3 all\u00ed, y se ahog\u00f3. Y otro en el Congosto, de Salvatierra de Esca\u2026 ese se dedicaba al transporte de madera, y tambi\u00e9n cay\u00f3 al r\u00edo, y al tiempo que sacaba la cabeza le prens\u00f3 un madero contra la pe\u00f1a; ese tambi\u00e9n era de los que se dedicaba a esto\u2026 Carmelo Calvo, almacenista de Zaragoza \u00faltimamente, pues un hermano de ese es el que muri\u00f3 en el Congosto.<\/p>\n<p>Y despu\u00e9s otro, de casa Feland\u00f3n. Ese muri\u00f3 con un barreno, estaban limpiando el r\u00edo, pusieron un barreno en una piedra para romperla, no explotaba, no explotaba\u2026 se acerc\u00f3 \u00e9l, se le ocurre soplar, y entonces le explot\u00f3 y ah\u00ed le dej\u00f3\u2026 Fernando Garc\u00eda Laspidea era aquel.<\/p>\n<p>Y eso, y aqu\u00ed\u2026 tres cr\u00edos tambi\u00e9n se ahogaron con las dichosas almad\u00edas, porque claro, salir de la escuela y ya est\u00e1bamos todos corriendo a las almad\u00edas, y tres fallecieron, tres cr\u00edos murieron all\u00ed\u2026 luego dijeron que era uno por un corte de digesti\u00f3n, pero los otros dos fue al caerse de las almad\u00edas abajo\u2026 a uno lo encontraron a los quince d\u00edas ah\u00ed abajo, en la foz, metido entre unas piedras; y el otro, un cr\u00edo ranc\u00f3 con pa\u00f1alicos\u2026 estaba en un tramo en una almad\u00eda ah\u00ed encima de la presa, lo sub\u00edan, lo bajaban, y este cr\u00edo\u2026 a gatas, se meti\u00f3 al r\u00edo, cay\u00f3\u2026 y su hermano sali\u00f3 corriendo y de ah\u00ed, de ese muro se tir\u00f3 abajo, al r\u00edo, y ah\u00ed le cogi\u00f3, pero ya sin vida.<\/p>\n<p><strong>\u00bfNo ten\u00edas miedo?<\/strong><\/p>\n<p>No lo conoc\u00edamos, no conoc\u00edamos el miedo. Ahora, a m\u00ed tambi\u00e9n me toc\u00f3 sacar a otro. And\u00e1bamos los dos de cr\u00edos pasando de una almad\u00eda a otra, se cay\u00f3, yo acert\u00e9 a coger un palo que hab\u00eda all\u00ed, se lo acerqu\u00e9 y lo saqu\u00e9 del r\u00edo, le puse encima de la madera, y despu\u00e9s un mozo que hab\u00eda por all\u00ed alrededor, lo cogi\u00f3 y lo llev\u00f3 a la casa de este moc\u00e9.<\/p>\n<p><strong>Tu madre lleg\u00f3 a bajar en almad\u00eda, \u00bfes as\u00ed?<\/strong><\/p>\n<p>Pues mi madre\u2026 ten\u00edamos madera nosotros en Uga\u00f1ai.\u00a0 Est\u00e1bamos mi padre, mi madre y yo atando la madera, aguamos la almad\u00eda y claro, pues hab\u00eda que bajarla al pueblo, pues entre los tres bajamos la almad\u00eda y la arrimamos ah\u00ed, en la <em>badina<\/em>\u00a0 encima de la presa. Yo iba atr\u00e1s en la cola, mi madre con m\u00e1s miedo que alma en el ropero, y mi padre adelante, y ah\u00ed ya llegamos, mi padre entend\u00eda, sab\u00eda manejar la madera, y entonces la bajamos. Esa fue la \u00fanica vez que baj\u00f3 mi madre en la almad\u00eda.<\/p>\n<p><strong>Y para ti, que has sido almadiero y de familia de almadieros\u2026 \u00bfqu\u00e9 papel desempe\u00f1aba la mujer?<\/strong><\/p>\n<p>Pues la mujer ayudar a los hombres. En el atadero, mayormente, pues a dar <em>verga<\/em>, que hay que <em>adobarla <\/em>para meterla por los agujeros, y retorcerla\u2026 <em>adobarla<\/em> que dec\u00edamos, para poderla atar con m\u00e1s facilidad. Cortarla, se tuerce, se <em>adoba<\/em>, para que se pueda manejar, y esto ya ves, la convertimos en cuerdas, porque esto es unos palos de avellano; y eso lo cortas en un tiempo, la tuerces, y llega el tiempo de atarla, y la empleamos en los ataderos. Y las mujeres mayormente pues s\u00ed\u2026 iban al atadero a ayudar a los hombres.<\/p>\n<p><strong><a href=\"http:\/\/lakukula.com\/wp-content\/uploads\/2015\/06\/juan4.jpg\"><img loading=\"lazy\" decoding=\"async\" class=\"aligncenter size-large wp-image-804\" src=\"http:\/\/lakukula.com\/wp-content\/uploads\/2015\/06\/juan4-1024x768.jpg\" alt=\"juan4\" width=\"700\" height=\"525\" srcset=\"https:\/\/lakukula.com\/wp-content\/uploads\/2015\/06\/juan4-1024x768.jpg 1024w, https:\/\/lakukula.com\/wp-content\/uploads\/2015\/06\/juan4-300x225.jpg 300w, https:\/\/lakukula.com\/wp-content\/uploads\/2015\/06\/juan4-960x720.jpg 960w, https:\/\/lakukula.com\/wp-content\/uploads\/2015\/06\/juan4.jpg 1600w\" sizes=\"auto, (max-width: 700px) 100vw, 700px\" \/><\/a>\u00bfEra importante su labor en la actividad familiar?<\/strong><\/p>\n<p>Se aplicaban a todo lo que pod\u00edan; no les bastaba con la tarea de casa y ten\u00edan que ir al atadero tambi\u00e9n; al atadero, a la huerta, y a todo lo que sal\u00eda\u2026 \u00a1no se descuidaban, no, entonces, ni lavadora ni nada, no hab\u00eda adelantos para poder excusar un trabajo.<\/p>\n<p><strong>\u00bfTe gusta que ahora vuelvan a bajar las almad\u00edas?, \u00bfte sientes reconocido y homenajeado?<\/strong><\/p>\n<p>\u00bfHomenajeado?&#8230; pues ya he hecho yo tambi\u00e9n todo lo que he podido. La gente pues s\u00ed\u2026 veo que tienen inter\u00e9s por m\u00ed\u2026 Desde el a\u00f1o noventa y dos que se form\u00f3 la Asociaci\u00f3n de Almadieros, que precisamente fue en Isaba, en una comida, y all\u00ed se form\u00f3 la Asociaci\u00f3n de Almadieros; y a partir de all\u00ed pues ya empezamos a hacer una almad\u00eda, despu\u00e9s dos, y hasta tres baj\u00e1bamos. Y bien contentos y felices.<\/p>\n<p><strong>\u00bfQu\u00e9 sentiste cuando otra vez volviste a almadiar?<\/strong><\/p>\n<p>Para entonces ya hab\u00edamos hecho una almad\u00eda para el Gobierno de Navarra tambi\u00e9n, que me toc\u00f3 bajarla aqu\u00ed en el pueblo, y despu\u00e9s fuimos a la foz de Lumbier. \u00bfEmocionados?, \u00a1nos gustaba!&#8230; creo que practicamos hasta los treinta a\u00f1os, el a\u00f1o cincuenta y dos fue cuando se cerr\u00f3 el pantano de Yesa, y ya se acab\u00f3 el almadeo, y despu\u00e9s, en el noventa y dos hicimos la almad\u00eda para el Gobierno de Navarra, que la proyectaron en la Expo de Sevilla, y ah\u00ed nos llevaron a nosotros tambi\u00e9n, y pasamos dos d\u00edas all\u00e1 contentos.<\/p>\n<p><strong>Juan\u2026 \u00bferes el \u00faltimo almadiero?<\/strong><\/p>\n<p>\u00a1A\u00fan quedan!. Queda Pablo Tolosana Turrillas, ese es quinto m\u00edo, a ese tambi\u00e9n ya le toc\u00f3 bajar, ya, muchas veces. Y despu\u00e9s hay otro, Jos\u00e9 Francisco P\u00e9rez Elizalde, de casa Palicas, ese vive en Pamplona. Ese era de los j\u00f3venes, m\u00e1s joven que yo, vamos, tambi\u00e9n le toc\u00f3 bajar; un viaje bajamos hasta Milagro con ellos: nosotros para Modesto, y \u00e9l con su padre en una <em>media<\/em>, hasta Milagro, ah\u00ed la vendieron, coger el tren y a Pamplona. Aqu\u00ed en el pueblo alguno m\u00e1s tambi\u00e9n habr\u00eda bajado pero ya al final y en contadas ocasiones.<\/p>\n<p><strong>Si nacieses de nuevo\u2026 \u00bfvolver\u00edas a ser almadiero?<\/strong><\/p>\n<p>Si no quedaba otro remedio\u2026 \u00a1a ver lo que ibas a hacer!. En casa no te ibas a quedar, hab\u00eda que sacar la costilla por donde fuera. Porque yo tambi\u00e9n fui pastor, \u00a1eh!, no me toc\u00f3 solo almadiar, que tambi\u00e9n estuve en la Bardena cuidando ovejas, \u00a1de todo!&#8230; se termin\u00f3 el almadeo, y entonces march\u00e9 pastor tambi\u00e9n.<\/p>\n<p><strong>\u00bfQu\u00e9 significa para ti este r\u00edo?<\/strong><\/p>\n<p>Pues este r\u00edo, hasta el a\u00f1o cincuenta y dos, fue la vida de muchos en este valle, mayormente de Burgui. Cuando se dejaba de almadiar, que ya se sub\u00eda a los pueblos de arriba\u2026 de Burgui sal\u00edan ciento cincuenta personas a trabajar en la madera.<\/p>\n","protected":false},"excerpt":{"rendered":"<p>El v\u00edspera del D\u00eda de la Almad\u00eda, caprichosa coincidencia, desped\u00edamos y d\u00e1bamos sepultura a Juan Urzainqui Garc\u00eda (1922-2015), que naci\u00f3, vivi\u00f3 y muri\u00f3 en Burgui, sin otra trashumancia en su vida que la que le impuso durante un tiempo su oficio de pastor y su dedicaci\u00f3n al transporte fluvial de la madera. Empez\u00f3 Juan de<\/p>\n<p class=\"readmore\"> <a href=\"https:\/\/lakukula.com\/index.php\/2015\/06\/24\/juan-urzainqui-garcia-in-memorian\/\" title=\"Read Juan Urzainqui Garc\u00eda, in memorian\">Leer m\u00e1s&#8230;<\/a> <\/p>\n","protected":false},"author":2,"featured_media":0,"comment_status":"open","ping_status":"open","sticky":false,"template":"","format":"standard","meta":{"ngg_post_thumbnail":0,"footnotes":""},"categories":[10],"tags":[104],"class_list":["post-799","post","type-post","status-publish","format-standard","hentry","category-patrimonio","tag-juan-urzainqui"],"yoast_head":"<!-- This site is optimized with the Yoast SEO plugin v26.6 - https:\/\/yoast.com\/wordpress\/plugins\/seo\/ -->\n<title>Juan Urzainqui Garc\u00eda, in memorian - La Kukula<\/title>\n<meta name=\"robots\" content=\"index, follow, max-snippet:-1, max-image-preview:large, max-video-preview:-1\" \/>\n<link rel=\"canonical\" href=\"https:\/\/lakukula.com\/index.php\/2015\/06\/24\/juan-urzainqui-garcia-in-memorian\/\" \/>\n<meta property=\"og:locale\" content=\"es_ES\" \/>\n<meta property=\"og:type\" content=\"article\" \/>\n<meta property=\"og:title\" content=\"Juan Urzainqui Garc\u00eda, in memorian - La Kukula\" \/>\n<meta property=\"og:description\" content=\"El v\u00edspera del D\u00eda de la Almad\u00eda, caprichosa coincidencia, desped\u00edamos y d\u00e1bamos sepultura a Juan Urzainqui Garc\u00eda (1922-2015), que naci\u00f3, vivi\u00f3 y muri\u00f3 en Burgui, sin otra trashumancia en su vida que la que le impuso durante un tiempo su oficio de pastor y su dedicaci\u00f3n al transporte fluvial de la madera. Empez\u00f3 Juan de Leer m\u00e1s...\" \/>\n<meta property=\"og:url\" content=\"https:\/\/lakukula.com\/index.php\/2015\/06\/24\/juan-urzainqui-garcia-in-memorian\/\" \/>\n<meta property=\"og:site_name\" content=\"La Kukula\" \/>\n<meta property=\"article:published_time\" content=\"2015-06-24T11:21:16+00:00\" \/>\n<meta property=\"article:modified_time\" content=\"2015-06-24T11:23:32+00:00\" \/>\n<meta property=\"og:image\" content=\"https:\/\/lakukula.com\/wp-content\/uploads\/2015\/06\/juan1.jpg\" \/>\n\t<meta property=\"og:image:width\" content=\"1280\" \/>\n\t<meta property=\"og:image:height\" content=\"720\" \/>\n\t<meta property=\"og:image:type\" content=\"image\/jpeg\" \/>\n<meta name=\"author\" content=\"La Kukula\" \/>\n<meta name=\"twitter:card\" content=\"summary_large_image\" \/>\n<meta name=\"twitter:label1\" content=\"Escrito por\" \/>\n\t<meta name=\"twitter:data1\" content=\"La Kukula\" \/>\n\t<meta name=\"twitter:label2\" content=\"Tiempo de lectura\" \/>\n\t<meta name=\"twitter:data2\" content=\"13 minutos\" \/>\n<script type=\"application\/ld+json\" class=\"yoast-schema-graph\">{\"@context\":\"https:\/\/schema.org\",\"@graph\":[{\"@type\":\"WebPage\",\"@id\":\"https:\/\/lakukula.com\/index.php\/2015\/06\/24\/juan-urzainqui-garcia-in-memorian\/\",\"url\":\"https:\/\/lakukula.com\/index.php\/2015\/06\/24\/juan-urzainqui-garcia-in-memorian\/\",\"name\":\"Juan Urzainqui Garc\u00eda, in memorian - La Kukula\",\"isPartOf\":{\"@id\":\"https:\/\/lakukula.com\/#website\"},\"primaryImageOfPage\":{\"@id\":\"https:\/\/lakukula.com\/index.php\/2015\/06\/24\/juan-urzainqui-garcia-in-memorian\/#primaryimage\"},\"image\":{\"@id\":\"https:\/\/lakukula.com\/index.php\/2015\/06\/24\/juan-urzainqui-garcia-in-memorian\/#primaryimage\"},\"thumbnailUrl\":\"http:\/\/lakukula.com\/wp-content\/uploads\/2015\/06\/juan1-1024x576.jpg\",\"datePublished\":\"2015-06-24T11:21:16+00:00\",\"dateModified\":\"2015-06-24T11:23:32+00:00\",\"author\":{\"@id\":\"https:\/\/lakukula.com\/#\/schema\/person\/8a9c7a04c239823ca646744c9250df5c\"},\"breadcrumb\":{\"@id\":\"https:\/\/lakukula.com\/index.php\/2015\/06\/24\/juan-urzainqui-garcia-in-memorian\/#breadcrumb\"},\"inLanguage\":\"es\",\"potentialAction\":[{\"@type\":\"ReadAction\",\"target\":[\"https:\/\/lakukula.com\/index.php\/2015\/06\/24\/juan-urzainqui-garcia-in-memorian\/\"]}]},{\"@type\":\"ImageObject\",\"inLanguage\":\"es\",\"@id\":\"https:\/\/lakukula.com\/index.php\/2015\/06\/24\/juan-urzainqui-garcia-in-memorian\/#primaryimage\",\"url\":\"http:\/\/lakukula.com\/wp-content\/uploads\/2015\/06\/juan1-1024x576.jpg\",\"contentUrl\":\"http:\/\/lakukula.com\/wp-content\/uploads\/2015\/06\/juan1-1024x576.jpg\"},{\"@type\":\"BreadcrumbList\",\"@id\":\"https:\/\/lakukula.com\/index.php\/2015\/06\/24\/juan-urzainqui-garcia-in-memorian\/#breadcrumb\",\"itemListElement\":[{\"@type\":\"ListItem\",\"position\":1,\"name\":\"Portada\",\"item\":\"https:\/\/lakukula.com\/\"},{\"@type\":\"ListItem\",\"position\":2,\"name\":\"Juan Urzainqui Garc\u00eda, in memorian\"}]},{\"@type\":\"WebSite\",\"@id\":\"https:\/\/lakukula.com\/#website\",\"url\":\"https:\/\/lakukula.com\/\",\"name\":\"La Kukula\",\"description\":\"Colectivo para la Difusi\u00f3n Hist\u00f3rica y Cultural de la Villa de Burgui (Navarra)\",\"potentialAction\":[{\"@type\":\"SearchAction\",\"target\":{\"@type\":\"EntryPoint\",\"urlTemplate\":\"https:\/\/lakukula.com\/?s={search_term_string}\"},\"query-input\":{\"@type\":\"PropertyValueSpecification\",\"valueRequired\":true,\"valueName\":\"search_term_string\"}}],\"inLanguage\":\"es\"},{\"@type\":\"Person\",\"@id\":\"https:\/\/lakukula.com\/#\/schema\/person\/8a9c7a04c239823ca646744c9250df5c\",\"name\":\"La Kukula\",\"image\":{\"@type\":\"ImageObject\",\"inLanguage\":\"es\",\"@id\":\"https:\/\/lakukula.com\/#\/schema\/person\/image\/\",\"url\":\"https:\/\/secure.gravatar.com\/avatar\/7d171ff671ed2c7dea9145a8308f25a5aed5e18ddd80d2ac46a1819c39070634?s=96&d=mm&r=g\",\"contentUrl\":\"https:\/\/secure.gravatar.com\/avatar\/7d171ff671ed2c7dea9145a8308f25a5aed5e18ddd80d2ac46a1819c39070634?s=96&d=mm&r=g\",\"caption\":\"La Kukula\"},\"url\":\"https:\/\/lakukula.com\/index.php\/author\/inaki\/\"}]}<\/script>\n<!-- \/ Yoast SEO plugin. -->","yoast_head_json":{"title":"Juan Urzainqui Garc\u00eda, in memorian - La Kukula","robots":{"index":"index","follow":"follow","max-snippet":"max-snippet:-1","max-image-preview":"max-image-preview:large","max-video-preview":"max-video-preview:-1"},"canonical":"https:\/\/lakukula.com\/index.php\/2015\/06\/24\/juan-urzainqui-garcia-in-memorian\/","og_locale":"es_ES","og_type":"article","og_title":"Juan Urzainqui Garc\u00eda, in memorian - La Kukula","og_description":"El v\u00edspera del D\u00eda de la Almad\u00eda, caprichosa coincidencia, desped\u00edamos y d\u00e1bamos sepultura a Juan Urzainqui Garc\u00eda (1922-2015), que naci\u00f3, vivi\u00f3 y muri\u00f3 en Burgui, sin otra trashumancia en su vida que la que le impuso durante un tiempo su oficio de pastor y su dedicaci\u00f3n al transporte fluvial de la madera. Empez\u00f3 Juan de Leer m\u00e1s...","og_url":"https:\/\/lakukula.com\/index.php\/2015\/06\/24\/juan-urzainqui-garcia-in-memorian\/","og_site_name":"La Kukula","article_published_time":"2015-06-24T11:21:16+00:00","article_modified_time":"2015-06-24T11:23:32+00:00","og_image":[{"width":1280,"height":720,"url":"https:\/\/lakukula.com\/wp-content\/uploads\/2015\/06\/juan1.jpg","type":"image\/jpeg"}],"author":"La Kukula","twitter_card":"summary_large_image","twitter_misc":{"Escrito por":"La Kukula","Tiempo de lectura":"13 minutos"},"schema":{"@context":"https:\/\/schema.org","@graph":[{"@type":"WebPage","@id":"https:\/\/lakukula.com\/index.php\/2015\/06\/24\/juan-urzainqui-garcia-in-memorian\/","url":"https:\/\/lakukula.com\/index.php\/2015\/06\/24\/juan-urzainqui-garcia-in-memorian\/","name":"Juan Urzainqui Garc\u00eda, in memorian - La Kukula","isPartOf":{"@id":"https:\/\/lakukula.com\/#website"},"primaryImageOfPage":{"@id":"https:\/\/lakukula.com\/index.php\/2015\/06\/24\/juan-urzainqui-garcia-in-memorian\/#primaryimage"},"image":{"@id":"https:\/\/lakukula.com\/index.php\/2015\/06\/24\/juan-urzainqui-garcia-in-memorian\/#primaryimage"},"thumbnailUrl":"http:\/\/lakukula.com\/wp-content\/uploads\/2015\/06\/juan1-1024x576.jpg","datePublished":"2015-06-24T11:21:16+00:00","dateModified":"2015-06-24T11:23:32+00:00","author":{"@id":"https:\/\/lakukula.com\/#\/schema\/person\/8a9c7a04c239823ca646744c9250df5c"},"breadcrumb":{"@id":"https:\/\/lakukula.com\/index.php\/2015\/06\/24\/juan-urzainqui-garcia-in-memorian\/#breadcrumb"},"inLanguage":"es","potentialAction":[{"@type":"ReadAction","target":["https:\/\/lakukula.com\/index.php\/2015\/06\/24\/juan-urzainqui-garcia-in-memorian\/"]}]},{"@type":"ImageObject","inLanguage":"es","@id":"https:\/\/lakukula.com\/index.php\/2015\/06\/24\/juan-urzainqui-garcia-in-memorian\/#primaryimage","url":"http:\/\/lakukula.com\/wp-content\/uploads\/2015\/06\/juan1-1024x576.jpg","contentUrl":"http:\/\/lakukula.com\/wp-content\/uploads\/2015\/06\/juan1-1024x576.jpg"},{"@type":"BreadcrumbList","@id":"https:\/\/lakukula.com\/index.php\/2015\/06\/24\/juan-urzainqui-garcia-in-memorian\/#breadcrumb","itemListElement":[{"@type":"ListItem","position":1,"name":"Portada","item":"https:\/\/lakukula.com\/"},{"@type":"ListItem","position":2,"name":"Juan Urzainqui Garc\u00eda, in memorian"}]},{"@type":"WebSite","@id":"https:\/\/lakukula.com\/#website","url":"https:\/\/lakukula.com\/","name":"La Kukula","description":"Colectivo para la Difusi\u00f3n Hist\u00f3rica y Cultural de la Villa de Burgui (Navarra)","potentialAction":[{"@type":"SearchAction","target":{"@type":"EntryPoint","urlTemplate":"https:\/\/lakukula.com\/?s={search_term_string}"},"query-input":{"@type":"PropertyValueSpecification","valueRequired":true,"valueName":"search_term_string"}}],"inLanguage":"es"},{"@type":"Person","@id":"https:\/\/lakukula.com\/#\/schema\/person\/8a9c7a04c239823ca646744c9250df5c","name":"La Kukula","image":{"@type":"ImageObject","inLanguage":"es","@id":"https:\/\/lakukula.com\/#\/schema\/person\/image\/","url":"https:\/\/secure.gravatar.com\/avatar\/7d171ff671ed2c7dea9145a8308f25a5aed5e18ddd80d2ac46a1819c39070634?s=96&d=mm&r=g","contentUrl":"https:\/\/secure.gravatar.com\/avatar\/7d171ff671ed2c7dea9145a8308f25a5aed5e18ddd80d2ac46a1819c39070634?s=96&d=mm&r=g","caption":"La Kukula"},"url":"https:\/\/lakukula.com\/index.php\/author\/inaki\/"}]}},"_links":{"self":[{"href":"https:\/\/lakukula.com\/index.php\/wp-json\/wp\/v2\/posts\/799","targetHints":{"allow":["GET"]}}],"collection":[{"href":"https:\/\/lakukula.com\/index.php\/wp-json\/wp\/v2\/posts"}],"about":[{"href":"https:\/\/lakukula.com\/index.php\/wp-json\/wp\/v2\/types\/post"}],"author":[{"embeddable":true,"href":"https:\/\/lakukula.com\/index.php\/wp-json\/wp\/v2\/users\/2"}],"replies":[{"embeddable":true,"href":"https:\/\/lakukula.com\/index.php\/wp-json\/wp\/v2\/comments?post=799"}],"version-history":[{"count":3,"href":"https:\/\/lakukula.com\/index.php\/wp-json\/wp\/v2\/posts\/799\/revisions"}],"predecessor-version":[{"id":806,"href":"https:\/\/lakukula.com\/index.php\/wp-json\/wp\/v2\/posts\/799\/revisions\/806"}],"wp:attachment":[{"href":"https:\/\/lakukula.com\/index.php\/wp-json\/wp\/v2\/media?parent=799"}],"wp:term":[{"taxonomy":"category","embeddable":true,"href":"https:\/\/lakukula.com\/index.php\/wp-json\/wp\/v2\/categories?post=799"},{"taxonomy":"post_tag","embeddable":true,"href":"https:\/\/lakukula.com\/index.php\/wp-json\/wp\/v2\/tags?post=799"}],"curies":[{"name":"wp","href":"https:\/\/api.w.org\/{rel}","templated":true}]}}